{"id":5201,"date":"2025-07-24T11:12:32","date_gmt":"2025-07-24T10:12:32","guid":{"rendered":"https:\/\/uaks.de\/?p=5201"},"modified":"2025-11-24T11:13:29","modified_gmt":"2025-11-24T10:13:29","slug":"sommerfestival-der-kulturen","status":"publish","type":"post","link":"https:\/\/uaks.de\/ua\/sommerfestival-der-kulturen\/","title":{"rendered":"\u041b\u0456\u0442\u043d\u0456\u0439 \u0444\u0435\u0441\u0442\u0438\u0432\u0430\u043b\u044c \u043a\u0443\u043b\u044c\u0442\u0443\u0440"},"content":{"rendered":"<p>[et_pb_section fb_built=&#8220;1&#8243; _builder_version=&#8220;4.23.1&#8243; _module_preset=&#8220;default&#8220; custom_margin=&#8220;-121px|||||&#8220; global_colors_info=&#8220;{}&#8220; theme_builder_area=&#8220;post_content&#8220;][et_pb_row column_structure=&#8220;1_2,1_2&#8243; _builder_version=&#8220;4.23.1&#8243; _module_preset=&#8220;default&#8220; global_colors_info=&#8220;{}&#8220; theme_builder_area=&#8220;post_content&#8220;][et_pb_column type=&#8220;1_2&#8243; _builder_version=&#8220;4.23.1&#8243; _module_preset=&#8220;default&#8220; global_colors_info=&#8220;{}&#8220; theme_builder_area=&#8220;post_content&#8220;][et_pb_text _builder_version=&#8220;4.27.4&#8243; _module_preset=&#8220;default&#8220; hover_enabled=&#8220;0&#8243; global_colors_info=&#8220;{}&#8220; theme_builder_area=&#8220;post_content&#8220; sticky_enabled=&#8220;0&#8243;]<\/p>\n<p><a href=\"https:\/\/sommerfestival-der-kulturen.de\" target=\"_blank\" rel=\"noopener\">Das Sommerfestival der Kulturen<\/a> ist eines der gr\u00f6\u00dften interkulturellen Feste in S\u00fcddeutschland und wird seit \u00fcber zwei Jahrzehnten vom <a href=\"https:\/\/www.forum-der-kulturen.de\" target=\"_blank\" rel=\"noopener\">Forum der Kulturen Stuttgart e.V. <\/a>organisiert. Jedes Jahr verwandelt das Festival den Stuttgarter Marktplatz in eine lebendige B\u00fchne f\u00fcr internationale Musik, kulinarische K\u00f6stlichkeiten und interkulturellen Austausch. Besucherinnen aus allen Teilen der Stadt und dar\u00fcber hinaus kommen zusammen, um die kulturelle Vielfalt Stuttgarts zu feiern. Neben einem erstklassigen Musikprogramm mit K\u00fcnstlerinnen aus aller Welt bietet das Festival eine bunte Mischung aus Kunsthandwerk und kulinarischen Spezialit\u00e4ten, pr\u00e4sentiert von verschiedenen migrantischen Organisationen.<\/p>\n<p>Seit 2017 nimmt UAKS e.V. mit gro\u00dfer Freude an diesem Event teil. Wir verw\u00f6hnten die Besucher*innen mit selbstgemachten ukrainischen K\u00f6stlichkeiten.<\/p>\n<p>Zus\u00e4tzlich k\u00f6nnen die Festivalbesucher an unserem Warenstand authentische ukrainische Souvenirs, handgefertigten Schmuck und kunstvolle Accessoires entdecken.<\/p>\n<p>Unser Ziel dabei ist, nicht nur die Sch\u00f6nheit und Tradition unserer Heimat zu zeigen, sondern auch mit Menschen ins Gespr\u00e4ch zu kommen, Br\u00fccken zwischen den Kulturen zu bauen und ein Zeichen f\u00fcr ein offenes und vielf\u00e4ltiges Miteinander zu setzen. Der Gewinn aus dem Verkauf flie\u00dft direkt in die Produktion unseres Magazins <a href=\"https:\/\/gelblau.net\" target=\"_blank\" rel=\"noopener\">Gel[:b]lau<\/a>, sowie Einkauf der Medikamenten f\u00fcr die Bed\u00fcrftigen in der Ukraine.\u00a0<\/p>\n<p>[\/et_pb_text][\/et_pb_column][et_pb_column type=&#8220;1_2&#8243; _builder_version=&#8220;4.23.1&#8243; _module_preset=&#8220;default&#8220; global_colors_info=&#8220;{}&#8220; theme_builder_area=&#8220;post_content&#8220;][et_pb_gallery _builder_version=&#8220;4.27.4&#8243; _module_preset=&#8220;default&#8220; theme_builder_area=&#8220;post_content&#8220; gallery_ids=&#8220;5233,5232,5231,5241,5228,5226,5227,5224,5218,5213,5211&#8243; fullwidth=&#8220;on&#8220; hover_enabled=&#8220;0&#8243; sticky_enabled=&#8220;0&#8243;][\/et_pb_gallery][et_pb_text _builder_version=&#8220;4.27.4&#8243; _module_preset=&#8220;default&#8220; theme_builder_area=&#8220;post_content&#8220; hover_enabled=&#8220;0&#8243; sticky_enabled=&#8220;0&#8243;]<\/p>\n<p>Bilder: Anna Babenko<\/p>\n<p>[\/et_pb_text][\/et_pb_column][\/et_pb_row][\/et_pb_section]<\/p>\n","protected":false},"excerpt":{"rendered":"<p>Das Sommerfestival der Kulturen ist eines der gr\u00f6\u00dften interkulturellen Feste in S\u00fcddeutschland und wird seit \u00fcber zwei Jahrzehnten vom Forum der Kulturen Stuttgart e.V. organisiert. Jedes Jahr verwandelt das Festival [&hellip;]<\/p>\n","protected":false},"author":1,"featured_media":5203,"comment_status":"closed","ping_status":"open","sticky":false,"template":"","format":"standard","meta":{"_et_pb_use_builder":"on","_et_pb_old_content":"","_et_gb_content_width":"","footnotes":""},"categories":[88],"tags":[],"class_list":["post-5201","post","type-post","status-publish","format-standard","has-post-thumbnail","hentry","category-projekte"],"yoast_head":"<!-- This site is optimized with the Yoast SEO plugin v27.2 - https:\/\/yoast.com\/product\/yoast-seo-wordpress\/ -->\n<title>Sommerfestival der Kulturen - Ukrainisches Atelier f\u00fcr Kultur und Sport<\/title>\n<meta name=\"robots\" content=\"index, follow, max-snippet:-1, max-image-preview:large, max-video-preview:-1\" \/>\n<link rel=\"canonical\" href=\"https:\/\/uaks.de\/ua\/sommerfestival-der-kulturen\/\" \/>\n<meta property=\"og:locale\" content=\"uk_UA\" \/>\n<meta property=\"og:type\" content=\"article\" \/>\n<meta property=\"og:title\" content=\"Sommerfestival der Kulturen - Ukrainisches Atelier f\u00fcr Kultur und Sport\" \/>\n<meta property=\"og:description\" content=\"Das Sommerfestival der Kulturen ist eines der gr\u00f6\u00dften interkulturellen Feste in S\u00fcddeutschland und wird seit \u00fcber zwei Jahrzehnten vom Forum der Kulturen Stuttgart e.V. organisiert. Jedes Jahr verwandelt das Festival [&hellip;]\" \/>\n<meta property=\"og:url\" content=\"https:\/\/uaks.de\/ua\/sommerfestival-der-kulturen\/\" \/>\n<meta property=\"og:site_name\" content=\"Ukrainisches Atelier f\u00fcr Kultur und Sport\" \/>\n<meta property=\"article:publisher\" content=\"https:\/\/www.facebook.com\/uaks.eV\/\" \/>\n<meta property=\"article:published_time\" content=\"2025-07-24T10:12:32+00:00\" \/>\n<meta property=\"article:modified_time\" content=\"2025-11-24T10:13:29+00:00\" \/>\n<meta property=\"og:image\" content=\"https:\/\/uaks.de\/wp-content\/uploads\/2025\/11\/453589639_1242895000218886_5178578831796447138_n.jpeg\" \/>\n\t<meta property=\"og:image:width\" content=\"959\" \/>\n\t<meta property=\"og:image:height\" content=\"958\" \/>\n\t<meta property=\"og:image:type\" content=\"image\/jpeg\" \/>\n<meta name=\"author\" content=\"uaks\" \/>\n<meta name=\"twitter:card\" content=\"summary_large_image\" \/>\n<meta name=\"twitter:label1\" content=\"\u041d\u0430\u043f\u0438\u0441\u0430\u043d\u043e\" \/>\n\t<meta name=\"twitter:data1\" content=\"uaks\" \/>\n\t<meta name=\"twitter:label2\" content=\"\u041f\u0440\u0438\u0431\u043b. \u0447\u0430\u0441 \u0447\u0438\u0442\u0430\u043d\u043d\u044f\" \/>\n\t<meta name=\"twitter:data2\" content=\"1 \u0445\u0432\u0438\u043b\u0438\u043d\u0430\" \/>\n<script type=\"application\/ld+json\" class=\"yoast-schema-graph\">{\"@context\":\"https:\/\/schema.org\",\"@graph\":[{\"@type\":\"Article\",\"@id\":\"https:\/\/uaks.de\/sommerfestival-der-kulturen\/#article\",\"isPartOf\":{\"@id\":\"https:\/\/uaks.de\/sommerfestival-der-kulturen\/\"},\"author\":{\"name\":\"uaks\",\"@id\":\"https:\/\/uaks.de\/#\/schema\/person\/7f451056cb5f386fa00841fa663d78a9\"},\"headline\":\"Sommerfestival der Kulturen\",\"datePublished\":\"2025-07-24T10:12:32+00:00\",\"dateModified\":\"2025-11-24T10:13:29+00:00\",\"mainEntityOfPage\":{\"@id\":\"https:\/\/uaks.de\/sommerfestival-der-kulturen\/\"},\"wordCount\":371,\"publisher\":{\"@id\":\"https:\/\/uaks.de\/#organization\"},\"image\":{\"@id\":\"https:\/\/uaks.de\/sommerfestival-der-kulturen\/#primaryimage\"},\"thumbnailUrl\":\"https:\/\/uaks.de\/wp-content\/uploads\/2025\/11\/453589639_1242895000218886_5178578831796447138_n.jpeg\",\"articleSection\":[\"Projekte\"],\"inLanguage\":\"uk\"},{\"@type\":\"WebPage\",\"@id\":\"https:\/\/uaks.de\/sommerfestival-der-kulturen\/\",\"url\":\"https:\/\/uaks.de\/sommerfestival-der-kulturen\/\",\"name\":\"Sommerfestival der Kulturen - Ukrainisches Atelier f\u00fcr Kultur und Sport\",\"isPartOf\":{\"@id\":\"https:\/\/uaks.de\/#website\"},\"primaryImageOfPage\":{\"@id\":\"https:\/\/uaks.de\/sommerfestival-der-kulturen\/#primaryimage\"},\"image\":{\"@id\":\"https:\/\/uaks.de\/sommerfestival-der-kulturen\/#primaryimage\"},\"thumbnailUrl\":\"https:\/\/uaks.de\/wp-content\/uploads\/2025\/11\/453589639_1242895000218886_5178578831796447138_n.jpeg\",\"datePublished\":\"2025-07-24T10:12:32+00:00\",\"dateModified\":\"2025-11-24T10:13:29+00:00\",\"breadcrumb\":{\"@id\":\"https:\/\/uaks.de\/sommerfestival-der-kulturen\/#breadcrumb\"},\"inLanguage\":\"uk\",\"potentialAction\":[{\"@type\":\"ReadAction\",\"target\":[\"https:\/\/uaks.de\/sommerfestival-der-kulturen\/\"]}]},{\"@type\":\"ImageObject\",\"inLanguage\":\"uk\",\"@id\":\"https:\/\/uaks.de\/sommerfestival-der-kulturen\/#primaryimage\",\"url\":\"https:\/\/uaks.de\/wp-content\/uploads\/2025\/11\/453589639_1242895000218886_5178578831796447138_n.jpeg\",\"contentUrl\":\"https:\/\/uaks.de\/wp-content\/uploads\/2025\/11\/453589639_1242895000218886_5178578831796447138_n.jpeg\",\"width\":959,\"height\":958},{\"@type\":\"BreadcrumbList\",\"@id\":\"https:\/\/uaks.de\/sommerfestival-der-kulturen\/#breadcrumb\",\"itemListElement\":[{\"@type\":\"ListItem\",\"position\":1,\"name\":\"Startseite\",\"item\":\"https:\/\/uaks.de\/\"},{\"@type\":\"ListItem\",\"position\":2,\"name\":\"Sommerfestival der Kulturen\"}]},{\"@type\":\"WebSite\",\"@id\":\"https:\/\/uaks.de\/#website\",\"url\":\"https:\/\/uaks.de\/\",\"name\":\"Ukrainisches Atelier f\u00fcr Kultur und Sport\",\"description\":\"Kulturelle Begegnungen der Ukrainer in Stuttgart\",\"publisher\":{\"@id\":\"https:\/\/uaks.de\/#organization\"},\"potentialAction\":[{\"@type\":\"SearchAction\",\"target\":{\"@type\":\"EntryPoint\",\"urlTemplate\":\"https:\/\/uaks.de\/?s={search_term_string}\"},\"query-input\":{\"@type\":\"PropertyValueSpecification\",\"valueRequired\":true,\"valueName\":\"search_term_string\"}}],\"inLanguage\":\"uk\"},{\"@type\":\"Organization\",\"@id\":\"https:\/\/uaks.de\/#organization\",\"name\":\"Ukrainisches Atelier f\u00fcr Kultur und Sport\",\"url\":\"https:\/\/uaks.de\/\",\"logo\":{\"@type\":\"ImageObject\",\"inLanguage\":\"uk\",\"@id\":\"https:\/\/uaks.de\/#\/schema\/logo\/image\/\",\"url\":\"https:\/\/uaks.de\/wp-content\/uploads\/2016\/11\/logo-uaks-small-png.png\",\"contentUrl\":\"https:\/\/uaks.de\/wp-content\/uploads\/2016\/11\/logo-uaks-small-png.png\",\"width\":150,\"height\":81,\"caption\":\"Ukrainisches Atelier f\u00fcr Kultur und Sport\"},\"image\":{\"@id\":\"https:\/\/uaks.de\/#\/schema\/logo\/image\/\"},\"sameAs\":[\"https:\/\/www.facebook.com\/uaks.eV\/\"]},{\"@type\":\"Person\",\"@id\":\"https:\/\/uaks.de\/#\/schema\/person\/7f451056cb5f386fa00841fa663d78a9\",\"name\":\"uaks\",\"image\":{\"@type\":\"ImageObject\",\"inLanguage\":\"uk\",\"@id\":\"https:\/\/secure.gravatar.com\/avatar\/cebcb0f77118ae7c20e71ecef9a56e79133af4f19ecff02c206658bd36533c10?s=96&d=mm&r=g\",\"url\":\"https:\/\/secure.gravatar.com\/avatar\/cebcb0f77118ae7c20e71ecef9a56e79133af4f19ecff02c206658bd36533c10?s=96&d=mm&r=g\",\"contentUrl\":\"https:\/\/secure.gravatar.com\/avatar\/cebcb0f77118ae7c20e71ecef9a56e79133af4f19ecff02c206658bd36533c10?s=96&d=mm&r=g\",\"caption\":\"uaks\"},\"url\":\"https:\/\/uaks.de\/ua\/author\/admin\/\"}]}<\/script>\n<!-- \/ Yoast SEO plugin. -->","yoast_head_json":{"title":"Sommerfestival der Kulturen - Ukrainisches Atelier f\u00fcr Kultur und Sport","robots":{"index":"index","follow":"follow","max-snippet":"max-snippet:-1","max-image-preview":"max-image-preview:large","max-video-preview":"max-video-preview:-1"},"canonical":"https:\/\/uaks.de\/ua\/sommerfestival-der-kulturen\/","og_locale":"uk_UA","og_type":"article","og_title":"Sommerfestival der Kulturen - Ukrainisches Atelier f\u00fcr Kultur und Sport","og_description":"Das Sommerfestival der Kulturen ist eines der gr\u00f6\u00dften interkulturellen Feste in S\u00fcddeutschland und wird seit \u00fcber zwei Jahrzehnten vom Forum der Kulturen Stuttgart e.V. organisiert. Jedes Jahr verwandelt das Festival [&hellip;]","og_url":"https:\/\/uaks.de\/ua\/sommerfestival-der-kulturen\/","og_site_name":"Ukrainisches Atelier f\u00fcr Kultur und Sport","article_publisher":"https:\/\/www.facebook.com\/uaks.eV\/","article_published_time":"2025-07-24T10:12:32+00:00","article_modified_time":"2025-11-24T10:13:29+00:00","og_image":[{"width":959,"height":958,"url":"https:\/\/uaks.de\/wp-content\/uploads\/2025\/11\/453589639_1242895000218886_5178578831796447138_n.jpeg","type":"image\/jpeg"}],"author":"uaks","twitter_card":"summary_large_image","twitter_misc":{"\u041d\u0430\u043f\u0438\u0441\u0430\u043d\u043e":"uaks","\u041f\u0440\u0438\u0431\u043b. \u0447\u0430\u0441 \u0447\u0438\u0442\u0430\u043d\u043d\u044f":"1 \u0445\u0432\u0438\u043b\u0438\u043d\u0430"},"schema":{"@context":"https:\/\/schema.org","@graph":[{"@type":"Article","@id":"https:\/\/uaks.de\/sommerfestival-der-kulturen\/#article","isPartOf":{"@id":"https:\/\/uaks.de\/sommerfestival-der-kulturen\/"},"author":{"name":"uaks","@id":"https:\/\/uaks.de\/#\/schema\/person\/7f451056cb5f386fa00841fa663d78a9"},"headline":"Sommerfestival der Kulturen","datePublished":"2025-07-24T10:12:32+00:00","dateModified":"2025-11-24T10:13:29+00:00","mainEntityOfPage":{"@id":"https:\/\/uaks.de\/sommerfestival-der-kulturen\/"},"wordCount":371,"publisher":{"@id":"https:\/\/uaks.de\/#organization"},"image":{"@id":"https:\/\/uaks.de\/sommerfestival-der-kulturen\/#primaryimage"},"thumbnailUrl":"https:\/\/uaks.de\/wp-content\/uploads\/2025\/11\/453589639_1242895000218886_5178578831796447138_n.jpeg","articleSection":["Projekte"],"inLanguage":"uk"},{"@type":"WebPage","@id":"https:\/\/uaks.de\/sommerfestival-der-kulturen\/","url":"https:\/\/uaks.de\/sommerfestival-der-kulturen\/","name":"Sommerfestival der Kulturen - Ukrainisches Atelier f\u00fcr Kultur und Sport","isPartOf":{"@id":"https:\/\/uaks.de\/#website"},"primaryImageOfPage":{"@id":"https:\/\/uaks.de\/sommerfestival-der-kulturen\/#primaryimage"},"image":{"@id":"https:\/\/uaks.de\/sommerfestival-der-kulturen\/#primaryimage"},"thumbnailUrl":"https:\/\/uaks.de\/wp-content\/uploads\/2025\/11\/453589639_1242895000218886_5178578831796447138_n.jpeg","datePublished":"2025-07-24T10:12:32+00:00","dateModified":"2025-11-24T10:13:29+00:00","breadcrumb":{"@id":"https:\/\/uaks.de\/sommerfestival-der-kulturen\/#breadcrumb"},"inLanguage":"uk","potentialAction":[{"@type":"ReadAction","target":["https:\/\/uaks.de\/sommerfestival-der-kulturen\/"]}]},{"@type":"ImageObject","inLanguage":"uk","@id":"https:\/\/uaks.de\/sommerfestival-der-kulturen\/#primaryimage","url":"https:\/\/uaks.de\/wp-content\/uploads\/2025\/11\/453589639_1242895000218886_5178578831796447138_n.jpeg","contentUrl":"https:\/\/uaks.de\/wp-content\/uploads\/2025\/11\/453589639_1242895000218886_5178578831796447138_n.jpeg","width":959,"height":958},{"@type":"BreadcrumbList","@id":"https:\/\/uaks.de\/sommerfestival-der-kulturen\/#breadcrumb","itemListElement":[{"@type":"ListItem","position":1,"name":"Startseite","item":"https:\/\/uaks.de\/"},{"@type":"ListItem","position":2,"name":"Sommerfestival der Kulturen"}]},{"@type":"WebSite","@id":"https:\/\/uaks.de\/#website","url":"https:\/\/uaks.de\/","name":"\u0423\u043a\u0440\u0430\u0457\u043d\u0441\u044c\u043a\u0430 \u0441\u0442\u0443\u0434\u0456\u044f \u043a\u0443\u043b\u044c\u0442\u0443\u0440\u0438 \u0442\u0430 \u0441\u043f\u043e\u0440\u0442\u0443","description":"\u041a\u0443\u043b\u044c\u0442\u0443\u0440\u043d\u0456 \u0437\u0443\u0441\u0442\u0440\u0456\u0447\u0456 \u0443\u043a\u0440\u0430\u0457\u043d\u0446\u0456\u0432 \u0443 \u0428\u0442\u0443\u0442\u0433\u0430\u0440\u0442\u0456","publisher":{"@id":"https:\/\/uaks.de\/#organization"},"potentialAction":[{"@type":"SearchAction","target":{"@type":"EntryPoint","urlTemplate":"https:\/\/uaks.de\/?s={search_term_string}"},"query-input":{"@type":"PropertyValueSpecification","valueRequired":true,"valueName":"search_term_string"}}],"inLanguage":"uk"},{"@type":"Organization","@id":"https:\/\/uaks.de\/#organization","name":"\u0423\u043a\u0440\u0430\u0457\u043d\u0441\u044c\u043a\u0430 \u0441\u0442\u0443\u0434\u0456\u044f \u043a\u0443\u043b\u044c\u0442\u0443\u0440\u0438 \u0442\u0430 \u0441\u043f\u043e\u0440\u0442\u0443","url":"https:\/\/uaks.de\/","logo":{"@type":"ImageObject","inLanguage":"uk","@id":"https:\/\/uaks.de\/#\/schema\/logo\/image\/","url":"https:\/\/uaks.de\/wp-content\/uploads\/2016\/11\/logo-uaks-small-png.png","contentUrl":"https:\/\/uaks.de\/wp-content\/uploads\/2016\/11\/logo-uaks-small-png.png","width":150,"height":81,"caption":"Ukrainisches Atelier f\u00fcr Kultur und Sport"},"image":{"@id":"https:\/\/uaks.de\/#\/schema\/logo\/image\/"},"sameAs":["https:\/\/www.facebook.com\/uaks.eV\/"]},{"@type":"Person","@id":"https:\/\/uaks.de\/#\/schema\/person\/7f451056cb5f386fa00841fa663d78a9","name":"\u0434\u0443\u0431\u0438","image":{"@type":"ImageObject","inLanguage":"uk","@id":"https:\/\/secure.gravatar.com\/avatar\/cebcb0f77118ae7c20e71ecef9a56e79133af4f19ecff02c206658bd36533c10?s=96&d=mm&r=g","url":"https:\/\/secure.gravatar.com\/avatar\/cebcb0f77118ae7c20e71ecef9a56e79133af4f19ecff02c206658bd36533c10?s=96&d=mm&r=g","contentUrl":"https:\/\/secure.gravatar.com\/avatar\/cebcb0f77118ae7c20e71ecef9a56e79133af4f19ecff02c206658bd36533c10?s=96&d=mm&r=g","caption":"uaks"},"url":"https:\/\/uaks.de\/ua\/author\/admin\/"}]}},"_links":{"self":[{"href":"https:\/\/uaks.de\/ua\/wp-json\/wp\/v2\/posts\/5201","targetHints":{"allow":["GET"]}}],"collection":[{"href":"https:\/\/uaks.de\/ua\/wp-json\/wp\/v2\/posts"}],"about":[{"href":"https:\/\/uaks.de\/ua\/wp-json\/wp\/v2\/types\/post"}],"author":[{"embeddable":true,"href":"https:\/\/uaks.de\/ua\/wp-json\/wp\/v2\/users\/1"}],"replies":[{"embeddable":true,"href":"https:\/\/uaks.de\/ua\/wp-json\/wp\/v2\/comments?post=5201"}],"version-history":[{"count":5,"href":"https:\/\/uaks.de\/ua\/wp-json\/wp\/v2\/posts\/5201\/revisions"}],"predecessor-version":[{"id":5245,"href":"https:\/\/uaks.de\/ua\/wp-json\/wp\/v2\/posts\/5201\/revisions\/5245"}],"wp:featuredmedia":[{"embeddable":true,"href":"https:\/\/uaks.de\/ua\/wp-json\/wp\/v2\/media\/5203"}],"wp:attachment":[{"href":"https:\/\/uaks.de\/ua\/wp-json\/wp\/v2\/media?parent=5201"}],"wp:term":[{"taxonomy":"category","embeddable":true,"href":"https:\/\/uaks.de\/ua\/wp-json\/wp\/v2\/categories?post=5201"},{"taxonomy":"post_tag","embeddable":true,"href":"https:\/\/uaks.de\/ua\/wp-json\/wp\/v2\/tags?post=5201"}],"curies":[{"name":"wp","href":"https:\/\/api.w.org\/{rel}","templated":true}]}}